{"id":27186,"date":"2026-09-01T11:39:25","date_gmt":"2026-09-01T09:39:25","guid":{"rendered":"https:\/\/www.stadtwerke-landshut.de\/?p=27186"},"modified":"2026-09-01T12:30:35","modified_gmt":"2026-09-01T10:30:35","slug":"start-ins-berufsleben-3","status":"publish","type":"post","link":"https:\/\/www.stadtwerke-landshut.de\/ru\/2026\/09\/01\/start-ins-berufsleben-3\/","title":{"rendered":"Start ins Berufsleben"},"content":{"rendered":"<p>Die Stadtwerke Landshut setzen weiter auf ihren eigenen Nachwuchs: Zw\u00f6lf junge Menschen haben am Dienstag, 1. September 2026, ihre Ausbildung begonnen. Insgesamt absolvieren damit derzeit 34 Auszubildende in verschiedenen Jahrg\u00e4ngen ihre Ausbildung bei den Stadtwerken. Als einer der gr\u00f6\u00dften Arbeitgeber der Region bieten die Stadtwerke ein <a href=\"https:\/\/www.stadtwerke-landshut.de\/wp-content\/uploads\/Ausbildungsbroschuere.pdf?ver=1\">breites Spektrum an Lehrberufen<\/a> \u043d\u0430.<\/p>\n<p>Ein besonderer Bestandteil der Ausbildung ist der Einblick in verschiedene Bereiche des Unternehmens. \u201eUns ist wichtig, dass unsere Auszubildenden von Anfang an \u00fcber den eigenen Fachbereich hinausblicken. Wenn sie die unterschiedlichen Aufgaben und Menschen im Unternehmen kennenlernen, verstehen sie besser, wie die Stadtwerke als Ganzes funktionieren. Gleichzeitig entstehen Kontakte, die auch \u00fcber die Ausbildungszeit hinaus wertvoll sind\u201c, sagt Werkleiter J\u00fcrgen Baron.<\/p>\n<p>F\u00fcr das Jahr 2027 k\u00f6nnen sich Ausbildungssuchende bei den Stadtwerken bereits <a href=\"https:\/\/www.mein-check-in.de\/stadtwerke-landshut\/overview\">bewerben<\/a>. Das <a href=\"https:\/\/www.stadtwerke-landshut.de\/wp-content\/uploads\/Ausbildungsbroschuere.pdf?ver=1\">Ausbildungsangebot<\/a> umfasst verschiedene technische und kaufm\u00e4nnische Berufe sowie Ausbildungspl\u00e4tze im IT- und B\u00e4derbereich.<\/p>","protected":false},"excerpt":{"rendered":"<p>Die Stadtwerke Landshut setzen weiter auf ihren eigenen Nachwuchs: Zw\u00f6lf junge Menschen haben am Dienstag, 1. September 2026, ihre Ausbildung begonnen. Insgesamt absolvieren damit derzeit 34 Auszubildende in verschiedenen Jahrg\u00e4ngen [&hellip;]<\/p>\n","protected":false},"author":23,"featured_media":28768,"comment_status":"closed","ping_status":"closed","sticky":false,"template":"","format":"standard","meta":{"_relevanssi_hide_post":"","_relevanssi_hide_content":"","_relevanssi_pin_for_all":"","_relevanssi_pin_keywords":"","_relevanssi_unpin_keywords":"","_relevanssi_related_keywords":"","_relevanssi_related_include_ids":"","_relevanssi_related_exclude_ids":"","_relevanssi_related_no_append":"","_relevanssi_related_not_related":"","_relevanssi_related_posts":"","_relevanssi_noindex_reason":"","footnotes":""},"categories":[98,3155],"tags":[],"presse-archiv":[3291],"buslinie":[],"class_list":["post-27186","post","type-post","status-publish","format-standard","has-post-thumbnail","hentry","category-infos","category-prio-app","presse-archiv-3291"],"yoast_head":"<!-- This site is optimized with the Yoast SEO Premium plugin v28.3 (Yoast SEO v28.3) - https:\/\/yoast.com\/product\/yoast-seo-premium-wordpress\/ -->\n<title>Start ins Berufsleben - Stadtwerke Landshut<\/title>\n<meta name=\"robots\" content=\"index, follow, max-snippet:-1, max-image-preview:large, max-video-preview:-1\" \/>\n<link rel=\"canonical\" href=\"https:\/\/www.stadtwerke-landshut.de\/ru\/2026\/09\/01\/start-ins-berufsleben-3\/\" \/>\n<meta property=\"og:locale\" content=\"ru_RU\" \/>\n<meta property=\"og:type\" content=\"article\" \/>\n<meta property=\"og:title\" content=\"Start ins Berufsleben\" \/>\n<meta property=\"og:description\" content=\"Die Stadtwerke Landshut setzen weiter auf ihren eigenen Nachwuchs: Zw\u00f6lf junge Menschen haben am Dienstag, 1. September 2026, ihre Ausbildung begonnen. Insgesamt absolvieren damit derzeit 34 Auszubildende in verschiedenen Jahrg\u00e4ngen [&hellip;]\" \/>\n<meta property=\"og:url\" content=\"https:\/\/www.stadtwerke-landshut.de\/ru\/2026\/09\/01\/start-ins-berufsleben-3\/\" \/>\n<meta property=\"og:site_name\" content=\"Stadtwerke Landshut\" \/>\n<meta property=\"article:published_time\" content=\"2026-09-01T09:39:25+00:00\" \/>\n<meta property=\"article:modified_time\" content=\"2026-09-01T10:30:35+00:00\" \/>\n<meta property=\"og:image\" content=\"https:\/\/www.stadtwerke-landshut.de\/wp-content\/uploads\/Auszubildende-1024x675.png\" \/>\n\t<meta property=\"og:image:width\" content=\"1024\" \/>\n\t<meta property=\"og:image:height\" content=\"675\" \/>\n\t<meta property=\"og:image:type\" content=\"image\/png\" \/>\n<meta name=\"author\" content=\"Susanne Franck\" \/>\n<meta name=\"twitter:card\" content=\"summary_large_image\" \/>\n<meta name=\"twitter:label1\" content=\"\u041d\u0430\u043f\u0438\u0441\u0430\u043d\u043e \u0430\u0432\u0442\u043e\u0440\u043e\u043c\" \/>\n\t<meta name=\"twitter:data1\" content=\"Susanne Franck\" \/>\n\t<meta name=\"twitter:label2\" content=\"\u041f\u0440\u0438\u043c\u0435\u0440\u043d\u043e\u0435 \u0432\u0440\u0435\u043c\u044f \u0434\u043b\u044f \u0447\u0442\u0435\u043d\u0438\u044f\" \/>\n\t<meta name=\"twitter:data2\" content=\"1 \u043c\u0438\u043d\u0443\u0442\u0430\" \/>\n<script type=\"application\/ld+json\" class=\"yoast-schema-graph\">{\"@context\":\"https:\\\/\\\/schema.org\",\"@graph\":[{\"@type\":\"Article\",\"@id\":\"https:\\\/\\\/www.stadtwerke-landshut.de\\\/2026\\\/09\\\/01\\\/start-ins-berufsleben-3\\\/#article\",\"isPartOf\":{\"@id\":\"https:\\\/\\\/www.stadtwerke-landshut.de\\\/2026\\\/09\\\/01\\\/start-ins-berufsleben-3\\\/\"},\"author\":{\"name\":\"Susanne Franck\",\"@id\":\"https:\\\/\\\/www.stadtwerke-landshut.de\\\/es\\\/#\\\/schema\\\/person\\\/78583df54768f170c3de0b36b24921ff\"},\"headline\":\"Start ins Berufsleben\",\"datePublished\":\"2026-09-01T09:39:25+00:00\",\"dateModified\":\"2026-09-01T10:30:35+00:00\",\"mainEntityOfPage\":{\"@id\":\"https:\\\/\\\/www.stadtwerke-landshut.de\\\/2026\\\/09\\\/01\\\/start-ins-berufsleben-3\\\/\"},\"wordCount\":146,\"publisher\":{\"@id\":\"https:\\\/\\\/www.stadtwerke-landshut.de\\\/es\\\/#organization\"},\"image\":{\"@id\":\"https:\\\/\\\/www.stadtwerke-landshut.de\\\/2026\\\/09\\\/01\\\/start-ins-berufsleben-3\\\/#primaryimage\"},\"thumbnailUrl\":\"https:\\\/\\\/www.stadtwerke-landshut.de\\\/wp-content\\\/uploads\\\/Auszubildende.png\",\"articleSection\":[\"Neuigkeiten und Infos\",\"Prio App\"],\"inLanguage\":\"ru-RU\"},{\"@type\":\"WebPage\",\"@id\":\"https:\\\/\\\/www.stadtwerke-landshut.de\\\/2026\\\/09\\\/01\\\/start-ins-berufsleben-3\\\/\",\"url\":\"https:\\\/\\\/www.stadtwerke-landshut.de\\\/2026\\\/09\\\/01\\\/start-ins-berufsleben-3\\\/\",\"name\":\"Start ins Berufsleben - Stadtwerke Landshut\",\"isPartOf\":{\"@id\":\"https:\\\/\\\/www.stadtwerke-landshut.de\\\/es\\\/#website\"},\"primaryImageOfPage\":{\"@id\":\"https:\\\/\\\/www.stadtwerke-landshut.de\\\/2026\\\/09\\\/01\\\/start-ins-berufsleben-3\\\/#primaryimage\"},\"image\":{\"@id\":\"https:\\\/\\\/www.stadtwerke-landshut.de\\\/2026\\\/09\\\/01\\\/start-ins-berufsleben-3\\\/#primaryimage\"},\"thumbnailUrl\":\"https:\\\/\\\/www.stadtwerke-landshut.de\\\/wp-content\\\/uploads\\\/Auszubildende.png\",\"datePublished\":\"2026-09-01T09:39:25+00:00\",\"dateModified\":\"2026-09-01T10:30:35+00:00\",\"breadcrumb\":{\"@id\":\"https:\\\/\\\/www.stadtwerke-landshut.de\\\/2026\\\/09\\\/01\\\/start-ins-berufsleben-3\\\/#breadcrumb\"},\"inLanguage\":\"ru-RU\",\"potentialAction\":[{\"@type\":\"ReadAction\",\"target\":[\"https:\\\/\\\/www.stadtwerke-landshut.de\\\/2026\\\/09\\\/01\\\/start-ins-berufsleben-3\\\/\"]}]},{\"@type\":\"ImageObject\",\"inLanguage\":\"ru-RU\",\"@id\":\"https:\\\/\\\/www.stadtwerke-landshut.de\\\/2026\\\/09\\\/01\\\/start-ins-berufsleben-3\\\/#primaryimage\",\"url\":\"https:\\\/\\\/www.stadtwerke-landshut.de\\\/wp-content\\\/uploads\\\/Auszubildende.png\",\"contentUrl\":\"https:\\\/\\\/www.stadtwerke-landshut.de\\\/wp-content\\\/uploads\\\/Auszubildende.png\",\"width\":1600,\"height\":1055,\"caption\":\"Gruppenfoto der neuen Auszubildenden der Stadtwerke Landshut am 1. September 2026\"},{\"@type\":\"BreadcrumbList\",\"@id\":\"https:\\\/\\\/www.stadtwerke-landshut.de\\\/2026\\\/09\\\/01\\\/start-ins-berufsleben-3\\\/#breadcrumb\",\"itemListElement\":[{\"@type\":\"ListItem\",\"position\":1,\"name\":\"Startseite\",\"item\":\"https:\\\/\\\/www.stadtwerke-landshut.de\\\/\"},{\"@type\":\"ListItem\",\"position\":2,\"name\":\"Start ins Berufsleben\"}]},{\"@type\":\"WebSite\",\"@id\":\"https:\\\/\\\/www.stadtwerke-landshut.de\\\/es\\\/#website\",\"url\":\"https:\\\/\\\/www.stadtwerke-landshut.de\\\/es\\\/\",\"name\":\"Stadtwerke Landshut\",\"description\":\"Ihr Partner in der Region\",\"publisher\":{\"@id\":\"https:\\\/\\\/www.stadtwerke-landshut.de\\\/es\\\/#organization\"},\"potentialAction\":[{\"@type\":\"SearchAction\",\"target\":{\"@type\":\"EntryPoint\",\"urlTemplate\":\"https:\\\/\\\/www.stadtwerke-landshut.de\\\/es\\\/?s={search_term_string}\"},\"query-input\":{\"@type\":\"PropertyValueSpecification\",\"valueRequired\":true,\"valueName\":\"search_term_string\"}}],\"inLanguage\":\"ru-RU\"},{\"@type\":\"Organization\",\"@id\":\"https:\\\/\\\/www.stadtwerke-landshut.de\\\/es\\\/#organization\",\"name\":\"Stadtwerke Landshut\",\"url\":\"https:\\\/\\\/www.stadtwerke-landshut.de\\\/es\\\/\",\"logo\":{\"@type\":\"ImageObject\",\"inLanguage\":\"ru-RU\",\"@id\":\"https:\\\/\\\/www.stadtwerke-landshut.de\\\/es\\\/#\\\/schema\\\/logo\\\/image\\\/\",\"url\":\"https:\\\/\\\/www.stadtwerke-landshut.de\\\/wp-content\\\/uploads\\\/logo-small.png\",\"contentUrl\":\"https:\\\/\\\/www.stadtwerke-landshut.de\\\/wp-content\\\/uploads\\\/logo-small.png\",\"width\":215,\"height\":215,\"caption\":\"Stadtwerke Landshut\"},\"image\":{\"@id\":\"https:\\\/\\\/www.stadtwerke-landshut.de\\\/es\\\/#\\\/schema\\\/logo\\\/image\\\/\"}},{\"@type\":\"Person\",\"@id\":\"https:\\\/\\\/www.stadtwerke-landshut.de\\\/es\\\/#\\\/schema\\\/person\\\/78583df54768f170c3de0b36b24921ff\",\"name\":\"Susanne Franck\",\"image\":{\"@type\":\"ImageObject\",\"inLanguage\":\"ru-RU\",\"@id\":\"https:\\\/\\\/secure.gravatar.com\\\/avatar\\\/34546a7c52e8961be16320ddd58d539bc57418784e5660e763d384545e7ad0f7?s=96&d=mm&r=g\",\"url\":\"https:\\\/\\\/secure.gravatar.com\\\/avatar\\\/34546a7c52e8961be16320ddd58d539bc57418784e5660e763d384545e7ad0f7?s=96&d=mm&r=g\",\"contentUrl\":\"https:\\\/\\\/secure.gravatar.com\\\/avatar\\\/34546a7c52e8961be16320ddd58d539bc57418784e5660e763d384545e7ad0f7?s=96&d=mm&r=g\",\"caption\":\"Susanne Franck\"},\"url\":\"https:\\\/\\\/www.stadtwerke-landshut.de\\\/ru\\\/author\\\/s-franck\\\/\"}]}<\/script>\n<!-- \/ Yoast SEO Premium plugin. -->","yoast_head_json":{"title":"Start ins Berufsleben - Stadtwerke Landshut","robots":{"index":"index","follow":"follow","max-snippet":"max-snippet:-1","max-image-preview":"max-image-preview:large","max-video-preview":"max-video-preview:-1"},"canonical":"https:\/\/www.stadtwerke-landshut.de\/ru\/2026\/09\/01\/start-ins-berufsleben-3\/","og_locale":"ru_RU","og_type":"article","og_title":"Start ins Berufsleben","og_description":"Die Stadtwerke Landshut setzen weiter auf ihren eigenen Nachwuchs: Zw\u00f6lf junge Menschen haben am Dienstag, 1. September 2026, ihre Ausbildung begonnen. Insgesamt absolvieren damit derzeit 34 Auszubildende in verschiedenen Jahrg\u00e4ngen [&hellip;]","og_url":"https:\/\/www.stadtwerke-landshut.de\/ru\/2026\/09\/01\/start-ins-berufsleben-3\/","og_site_name":"Stadtwerke Landshut","article_published_time":"2026-09-01T09:39:25+00:00","article_modified_time":"2026-09-01T10:30:35+00:00","og_image":[{"width":1024,"height":675,"url":"https:\/\/www.stadtwerke-landshut.de\/wp-content\/uploads\/Auszubildende-1024x675.png","type":"image\/png"}],"author":"Susanne Franck","twitter_card":"summary_large_image","twitter_misc":{"\u041d\u0430\u043f\u0438\u0441\u0430\u043d\u043e \u0430\u0432\u0442\u043e\u0440\u043e\u043c":"Susanne Franck","\u041f\u0440\u0438\u043c\u0435\u0440\u043d\u043e\u0435 \u0432\u0440\u0435\u043c\u044f \u0434\u043b\u044f \u0447\u0442\u0435\u043d\u0438\u044f":"1 \u043c\u0438\u043d\u0443\u0442\u0430"},"schema":{"@context":"https:\/\/schema.org","@graph":[{"@type":"Article","@id":"https:\/\/www.stadtwerke-landshut.de\/2026\/09\/01\/start-ins-berufsleben-3\/#article","isPartOf":{"@id":"https:\/\/www.stadtwerke-landshut.de\/2026\/09\/01\/start-ins-berufsleben-3\/"},"author":{"name":"Susanne Franck","@id":"https:\/\/www.stadtwerke-landshut.de\/es\/#\/schema\/person\/78583df54768f170c3de0b36b24921ff"},"headline":"Start ins Berufsleben","datePublished":"2026-09-01T09:39:25+00:00","dateModified":"2026-09-01T10:30:35+00:00","mainEntityOfPage":{"@id":"https:\/\/www.stadtwerke-landshut.de\/2026\/09\/01\/start-ins-berufsleben-3\/"},"wordCount":146,"publisher":{"@id":"https:\/\/www.stadtwerke-landshut.de\/es\/#organization"},"image":{"@id":"https:\/\/www.stadtwerke-landshut.de\/2026\/09\/01\/start-ins-berufsleben-3\/#primaryimage"},"thumbnailUrl":"https:\/\/www.stadtwerke-landshut.de\/wp-content\/uploads\/Auszubildende.png","articleSection":["Neuigkeiten und Infos","Prio App"],"inLanguage":"ru-RU"},{"@type":"WebPage","@id":"https:\/\/www.stadtwerke-landshut.de\/2026\/09\/01\/start-ins-berufsleben-3\/","url":"https:\/\/www.stadtwerke-landshut.de\/2026\/09\/01\/start-ins-berufsleben-3\/","name":"Start ins Berufsleben - Stadtwerke Landshut","isPartOf":{"@id":"https:\/\/www.stadtwerke-landshut.de\/es\/#website"},"primaryImageOfPage":{"@id":"https:\/\/www.stadtwerke-landshut.de\/2026\/09\/01\/start-ins-berufsleben-3\/#primaryimage"},"image":{"@id":"https:\/\/www.stadtwerke-landshut.de\/2026\/09\/01\/start-ins-berufsleben-3\/#primaryimage"},"thumbnailUrl":"https:\/\/www.stadtwerke-landshut.de\/wp-content\/uploads\/Auszubildende.png","datePublished":"2026-09-01T09:39:25+00:00","dateModified":"2026-09-01T10:30:35+00:00","breadcrumb":{"@id":"https:\/\/www.stadtwerke-landshut.de\/2026\/09\/01\/start-ins-berufsleben-3\/#breadcrumb"},"inLanguage":"ru-RU","potentialAction":[{"@type":"ReadAction","target":["https:\/\/www.stadtwerke-landshut.de\/2026\/09\/01\/start-ins-berufsleben-3\/"]}]},{"@type":"ImageObject","inLanguage":"ru-RU","@id":"https:\/\/www.stadtwerke-landshut.de\/2026\/09\/01\/start-ins-berufsleben-3\/#primaryimage","url":"https:\/\/www.stadtwerke-landshut.de\/wp-content\/uploads\/Auszubildende.png","contentUrl":"https:\/\/www.stadtwerke-landshut.de\/wp-content\/uploads\/Auszubildende.png","width":1600,"height":1055,"caption":"Gruppenfoto der neuen Auszubildenden der Stadtwerke Landshut am 1. September 2026"},{"@type":"BreadcrumbList","@id":"https:\/\/www.stadtwerke-landshut.de\/2026\/09\/01\/start-ins-berufsleben-3\/#breadcrumb","itemListElement":[{"@type":"ListItem","position":1,"name":"Startseite","item":"https:\/\/www.stadtwerke-landshut.de\/"},{"@type":"ListItem","position":2,"name":"Start ins Berufsleben"}]},{"@type":"WebSite","@id":"https:\/\/www.stadtwerke-landshut.de\/es\/#website","url":"https:\/\/www.stadtwerke-landshut.de\/es\/","name":"Stadtwerke Landshut","description":"\u0412\u0430\u0448 \u043f\u0430\u0440\u0442\u043d\u0435\u0440 \u0432 \u0440\u0435\u0433\u0438\u043e\u043d\u0435","publisher":{"@id":"https:\/\/www.stadtwerke-landshut.de\/es\/#organization"},"potentialAction":[{"@type":"SearchAction","target":{"@type":"EntryPoint","urlTemplate":"https:\/\/www.stadtwerke-landshut.de\/es\/?s={search_term_string}"},"query-input":{"@type":"PropertyValueSpecification","valueRequired":true,"valueName":"search_term_string"}}],"inLanguage":"ru-RU"},{"@type":"Organization","@id":"https:\/\/www.stadtwerke-landshut.de\/es\/#organization","name":"Stadtwerke Landshut","url":"https:\/\/www.stadtwerke-landshut.de\/es\/","logo":{"@type":"ImageObject","inLanguage":"ru-RU","@id":"https:\/\/www.stadtwerke-landshut.de\/es\/#\/schema\/logo\/image\/","url":"https:\/\/www.stadtwerke-landshut.de\/wp-content\/uploads\/logo-small.png","contentUrl":"https:\/\/www.stadtwerke-landshut.de\/wp-content\/uploads\/logo-small.png","width":215,"height":215,"caption":"Stadtwerke Landshut"},"image":{"@id":"https:\/\/www.stadtwerke-landshut.de\/es\/#\/schema\/logo\/image\/"}},{"@type":"Person","@id":"https:\/\/www.stadtwerke-landshut.de\/es\/#\/schema\/person\/78583df54768f170c3de0b36b24921ff","name":"\u0421\u044e\u0437\u0430\u043d\u043d\u0430 \u0424\u0440\u0430\u043d\u043a","image":{"@type":"ImageObject","inLanguage":"ru-RU","@id":"https:\/\/secure.gravatar.com\/avatar\/34546a7c52e8961be16320ddd58d539bc57418784e5660e763d384545e7ad0f7?s=96&d=mm&r=g","url":"https:\/\/secure.gravatar.com\/avatar\/34546a7c52e8961be16320ddd58d539bc57418784e5660e763d384545e7ad0f7?s=96&d=mm&r=g","contentUrl":"https:\/\/secure.gravatar.com\/avatar\/34546a7c52e8961be16320ddd58d539bc57418784e5660e763d384545e7ad0f7?s=96&d=mm&r=g","caption":"Susanne Franck"},"url":"https:\/\/www.stadtwerke-landshut.de\/ru\/author\/s-franck\/"}]}},"publishpress_future_action":{"enabled":false,"date":"2026-09-09 08:38:41","action":"change-status","newStatus":"draft","terms":[],"taxonomy":"category","extraData":[]},"publishpress_future_workflow_manual_trigger":{"enabledWorkflows":[]},"_links":{"self":[{"href":"https:\/\/www.stadtwerke-landshut.de\/ru\/wp-json\/wp\/v2\/posts\/27186","targetHints":{"allow":["GET"]}}],"collection":[{"href":"https:\/\/www.stadtwerke-landshut.de\/ru\/wp-json\/wp\/v2\/posts"}],"about":[{"href":"https:\/\/www.stadtwerke-landshut.de\/ru\/wp-json\/wp\/v2\/types\/post"}],"author":[{"embeddable":true,"href":"https:\/\/www.stadtwerke-landshut.de\/ru\/wp-json\/wp\/v2\/users\/23"}],"replies":[{"embeddable":true,"href":"https:\/\/www.stadtwerke-landshut.de\/ru\/wp-json\/wp\/v2\/comments?post=27186"}],"version-history":[{"count":3,"href":"https:\/\/www.stadtwerke-landshut.de\/ru\/wp-json\/wp\/v2\/posts\/27186\/revisions"}],"predecessor-version":[{"id":28769,"href":"https:\/\/www.stadtwerke-landshut.de\/ru\/wp-json\/wp\/v2\/posts\/27186\/revisions\/28769"}],"wp:featuredmedia":[{"embeddable":true,"href":"https:\/\/www.stadtwerke-landshut.de\/ru\/wp-json\/wp\/v2\/media\/28768"}],"wp:attachment":[{"href":"https:\/\/www.stadtwerke-landshut.de\/ru\/wp-json\/wp\/v2\/media?parent=27186"}],"wp:term":[{"taxonomy":"category","embeddable":true,"href":"https:\/\/www.stadtwerke-landshut.de\/ru\/wp-json\/wp\/v2\/categories?post=27186"},{"taxonomy":"post_tag","embeddable":true,"href":"https:\/\/www.stadtwerke-landshut.de\/ru\/wp-json\/wp\/v2\/tags?post=27186"},{"taxonomy":"presse-archiv","embeddable":true,"href":"https:\/\/www.stadtwerke-landshut.de\/ru\/wp-json\/wp\/v2\/presse-archiv?post=27186"},{"taxonomy":"buslinie","embeddable":true,"href":"https:\/\/www.stadtwerke-landshut.de\/ru\/wp-json\/wp\/v2\/buslinie?post=27186"}],"curies":[{"name":"wp","href":"https:\/\/api.w.org\/{rel}","templated":true}]}}